{"id":1132,"date":"2026-04-28T23:10:01","date_gmt":"2026-04-28T23:10:01","guid":{"rendered":"https:\/\/www.iscap.pt\/gaie\/?p=1132"},"modified":"2026-04-29T14:40:50","modified_gmt":"2026-04-29T14:40:50","slug":"ppia1","status":"publish","type":"post","link":"https:\/\/www.iscap.pt\/gaie\/2026\/04\/28\/ppia1\/","title":{"rendered":"Pr\u00e1ticas pedag\u00f3gicas com IA (1)"},"content":{"rendered":"\n<div class=\"wp-block-columns has-white-background-color has-background is-layout-flex wp-container-core-columns-is-layout-28f84493 wp-block-columns-is-layout-flex\">\n<div class=\"wp-block-column is-layout-flow wp-block-column-is-layout-flow\" style=\"flex-basis:33.33%\">\n<figure class=\"wp-block-image size-full\"><img loading=\"lazy\" decoding=\"async\" width=\"2560\" height=\"2560\" src=\"https:\/\/www.iscap.pt\/gaie\/wp-content\/uploads\/2026\/04\/GAIE-maio-scaled.png\" alt=\"\" class=\"wp-image-1138\" srcset=\"https:\/\/www.iscap.pt\/gaie\/wp-content\/uploads\/2026\/04\/GAIE-maio-scaled.png 2560w, https:\/\/www.iscap.pt\/gaie\/wp-content\/uploads\/2026\/04\/GAIE-maio-300x300.png 300w, https:\/\/www.iscap.pt\/gaie\/wp-content\/uploads\/2026\/04\/GAIE-maio-1024x1024.png 1024w, https:\/\/www.iscap.pt\/gaie\/wp-content\/uploads\/2026\/04\/GAIE-maio-150x150.png 150w, https:\/\/www.iscap.pt\/gaie\/wp-content\/uploads\/2026\/04\/GAIE-maio-768x768.png 768w, https:\/\/www.iscap.pt\/gaie\/wp-content\/uploads\/2026\/04\/GAIE-maio-1536x1536.png 1536w, https:\/\/www.iscap.pt\/gaie\/wp-content\/uploads\/2026\/04\/GAIE-maio-2048x2048.png 2048w\" sizes=\"auto, (max-width: 2560px) 100vw, 2560px\" \/><\/figure>\n\n\n\n<div class=\"wp-block-uagb-inline-notice uagb-inline_notice__align-left uagb-block-49318035\"><button class=\"uagb-notice-close-button\" type=\"button\" aria-label=\"Close\"><\/button><h4 class=\"uagb-notice-title\">Inscri\u00e7\u00e3o<\/h4><div class=\"uagb-notice-text\">\n<p class=\"has-ast-global-color-8-color has-text-color has-link-color wp-elements-1da53c8f32309ebf2dbbf23bd4da8964\">As inscri\u00e7\u00f5es decorrem at\u00e9 \u00e0 v\u00e9spera da a\u00e7\u00e3o de forma\u00e7\u00e3o.<\/p>\n<\/div><\/div>\n\n\n\n<div style=\"height:15px\" aria-hidden=\"true\" class=\"wp-block-spacer\"><\/div>\n\n\n\n<div class=\"wp-block-uagb-buttons uagb-buttons__outer-wrap uagb-btn__default-btn uagb-btn-tablet__default-btn uagb-btn-mobile__default-btn uagb-block-dc6b9358\"><div class=\"uagb-buttons__wrap uagb-buttons-layout-wrap \">\n<div class=\"wp-block-uagb-buttons-child uagb-buttons__outer-wrap uagb-block-1c00985e wp-block-button\"><div class=\"uagb-button__wrapper\"><a class=\"uagb-buttons-repeater wp-block-button__link\" aria-label=\"\" href=\"https:\/\/forms.cloud.microsoft\/e\/ZUYcKJ1dHg\" rel=\"follow noopener\" target=\"_self\" role=\"button\"><div class=\"uagb-button__link\">Fazer inscri\u00e7\u00e3o<\/div><span class=\"uagb-button__icon uagb-button__icon-position-after\"><svg xmlns=\"https:\/\/www.w3.org\/2000\/svg\" viewBox=\"0 0 448 512\" aria-hidden=\"true\" focussable=\"false\"><path d=\"M438.6 278.6l-160 160C272.4 444.9 264.2 448 256 448s-16.38-3.125-22.62-9.375c-12.5-12.5-12.5-32.75 0-45.25L338.8 288H32C14.33 288 .0016 273.7 .0016 256S14.33 224 32 224h306.8l-105.4-105.4c-12.5-12.5-12.5-32.75 0-45.25s32.75-12.5 45.25 0l160 160C451.1 245.9 451.1 266.1 438.6 278.6z\"><\/path><\/svg><\/span><\/a><\/div><\/div>\n<\/div><\/div>\n\n\n\n<figure class=\"wp-block-table\"><table class=\"has-ast-global-color-8-color has-text-color has-link-color has-border-color has-white-border-color has-fixed-layout\"><tbody><tr><td class=\"has-text-align-center\" data-align=\"center\">Para mais informa\u00e7\u00f5es contactar:<br><br>Gabinete de Apoio \u00e0 Inova\u00e7\u00e3o em Educa\u00e7\u00e3o<br>gaie.edu@iscap.ipp.pt<br>229 050 039<\/td><\/tr><\/tbody><\/table><\/figure>\n\n\n\n<hr class=\"wp-block-separator has-alpha-channel-opacity\"\/>\n<\/div>\n\n\n\n<div class=\"wp-block-column is-layout-flow wp-block-column-is-layout-flow\" style=\"flex-basis:66.66%\">\n<p class=\"has-ast-global-color-8-color has-text-color has-link-color has-medium-font-size wp-elements-95e4c0ca05121488b14acb44d06c546a\">No pr\u00f3ximo dia 20 de maio realiza-se a a\u00e7\u00e3o de forma\u00e7\u00e3o \u201c<strong>Pr\u00e1ticas pedag\u00f3gicas com IA: O&nbsp;m\u00e9todo Thayer, IA e desenho pedag\u00f3gico no ensino superior&#8221;<\/strong>. Num contexto de crescente integra\u00e7\u00e3o da intelig\u00eancia artificial no Ensino Superior, \u00e9 fundamental repensar pr\u00e1ticas pedag\u00f3gicas que assegurem a qualidade e a integridade da aprendizagem. Esta forma\u00e7\u00e3o, destinada aos docentes do ISCAP, prop\u00f5e uma abordagem estruturada, baseada no m\u00e9todo Thayer, para alinhar objetivos, metodologias e avalia\u00e7\u00e3o com o uso pedag\u00f3gico da IA. O objetivo \u00e9 o de capacitar os docentes para poderem desenhar experi\u00eancias de aprendizagem onde a IA potencia o pensamento cr\u00edtico, a participa\u00e7\u00e3o, a defesa oral e a demonstra\u00e7\u00e3o individual da compreens\u00e3o.<\/p>\n\n\n\n<div class=\"wp-block-uagb-advanced-heading uagb-block-519d1ccb\"><h4 class=\"uagb-heading-text\"><strong>Conte\u00fados<\/strong><\/h4><\/div>\n\n\n\n<ul class=\"wp-block-list\">\n<li class=\"has-ast-global-color-8-color has-text-color has-link-color has-medium-font-size wp-elements-b8d5da5929563f8874e07c24b2fba46e\">Como operacionalizar o m\u00e9todo Thayer em Unidades Curriculares, atrav\u00e9s de momentos de exposi\u00e7\u00e3o breve, aplica\u00e7\u00e3o pr\u00e1tica e defesa\/discuss\u00e3o de solu\u00e7\u00f5es.<\/li>\n\n\n\n<li class=\"has-ast-global-color-8-color has-text-color has-link-color has-medium-font-size wp-elements-63b98406434c0a9866fbb09c2b0d5ca6\">Como desenhar tarefas aplicadas em que a IA funcione como ferramenta de apoio ao racioc\u00ednio, \u00e0 an\u00e1lise e \u00e0 tomada de decis\u00e3o, sem substituir a atividade de aprendizagem dos estudantes.<\/li>\n\n\n\n<li class=\"has-ast-global-color-8-color has-text-color has-link-color has-medium-font-size wp-elements-fe81ece1a2b0761c838671d605630259\">Como avaliar a aprendizagem em contexto de IA, combinando trabalho aplicado, participa\u00e7\u00e3o, defesa oral e demonstra\u00e7\u00e3o individual de compreens\u00e3o, argumenta\u00e7\u00e3o e autonomia cr\u00edtica.<\/li>\n<\/ul>\n\n\n\n<p class=\"has-ast-global-color-8-color has-text-color has-link-color has-medium-font-size wp-elements-e388583d1a4737fa597c0edacc893741\"><strong>Data<\/strong>: 20-05-2026 (quarta-feira)<\/p>\n\n\n\n<p class=\"has-ast-global-color-8-color has-text-color has-link-color has-medium-font-size wp-elements-d3f9a287f86c0b8a1b1b944b5ee63a96\"><strong>Local<\/strong>: Online\/Teams<\/p>\n\n\n\n<p class=\"has-ast-global-color-8-color has-text-color has-link-color has-medium-font-size wp-elements-42ff0f581a2d81452a30e7b9fdef4a03\"><strong>Hor\u00e1rios<\/strong>: 14h30 \u00e0s 16h00 (1h30)<\/p>\n\n\n\n<p class=\"has-ast-global-color-8-color has-text-color has-link-color has-medium-font-size wp-elements-9b6d98621b0646934a1bd95ee0590c4b\"><strong>Formador<\/strong>: Paulo Pires (ISCAP\/P.PORTO)<\/p>\n\n\n\n<div class=\"wp-block-uagb-advanced-heading uagb-block-f628e813\"><h4 class=\"uagb-heading-text\">Nota biogr\u00e1fica<\/h4><\/div>\n\n\n\n<p class=\"has-ast-global-color-8-color has-text-color has-link-color wp-elements-4e7835e35b1a7f155bfb773736fe16d2\" style=\"font-size:15px\"><strong>Paulo Botelho Pires<\/strong>&nbsp;\u00e9 professor e investigador no Centro de Estudos Organizacionais e Sociais do Polit\u00e9cnico do Porto (CEOS.PP), no Instituto Superior de Contabilidade e Administra\u00e7\u00e3o do Porto (ISCAP).<br>Possui Doutoramento em Gest\u00e3o, Mestrado em Marketing e Licenciatura em Engenharia de Sistemas e Inform\u00e1tica. As suas principais \u00e1reas de investiga\u00e7\u00e3o centram-se no Marketing, Marketing Digital e Intelig\u00eancia Artificial aplicada ao Marketing.<br>Tem uma extensa experi\u00eancia acad\u00e9mica e cient\u00edfica, tendo participado em diversas confer\u00eancias internacionais e publicado artigos em revistas cient\u00edficas de refer\u00eancia, cap\u00edtulos de livros e obras monogr\u00e1ficas. Colabora regularmente como revisor para revistas cient\u00edficas internacionais e editoras de prest\u00edgio.<\/p>\n\n\n\n<p><\/p>\n<\/div>\n<\/div>\n\n\n\n<p><\/p>\n","protected":false},"excerpt":{"rendered":"<p>Para mais informa\u00e7\u00f5es contactar: Gabinete de Apoio \u00e0 Inova\u00e7\u00e3o em Educa\u00e7\u00e3ogaie.edu@iscap.ipp.pt229 050 039 No pr\u00f3ximo dia 20 de maio realiza-se a a\u00e7\u00e3o de forma\u00e7\u00e3o \u201cPr\u00e1ticas pedag\u00f3gicas com IA: O&nbsp;m\u00e9todo Thayer, IA e desenho pedag\u00f3gico no ensino superior&#8221;. Num contexto de crescente integra\u00e7\u00e3o da intelig\u00eancia artificial no Ensino Superior, \u00e9 fundamental repensar pr\u00e1ticas pedag\u00f3gicas que assegurem [&hellip;]<\/p>\n","protected":false},"author":1,"featured_media":0,"comment_status":"closed","ping_status":"open","sticky":false,"template":"","format":"standard","meta":{"_uag_custom_page_level_css":"","site-sidebar-layout":"default","site-content-layout":"","ast-site-content-layout":"default","site-content-style":"default","site-sidebar-style":"default","ast-global-header-display":"","ast-banner-title-visibility":"","ast-main-header-display":"","ast-hfb-above-header-display":"","ast-hfb-below-header-display":"","ast-hfb-mobile-header-display":"","site-post-title":"","ast-breadcrumbs-content":"","ast-featured-img":"","footer-sml-layout":"","theme-transparent-header-meta":"","adv-header-id-meta":"","stick-header-meta":"","header-above-stick-meta":"","header-main-stick-meta":"","header-below-stick-meta":"","astra-migrate-meta-layouts":"set","ast-page-background-enabled":"default","ast-page-background-meta":{"desktop":{"background-color":"var(--ast-global-color-4)","background-image":"","background-repeat":"repeat","background-position":"center center","background-size":"auto","background-attachment":"scroll","background-type":"","background-media":"","overlay-type":"","overlay-color":"","overlay-opacity":"","overlay-gradient":""},"tablet":{"background-color":"","background-image":"","background-repeat":"repeat","background-position":"center center","background-size":"auto","background-attachment":"scroll","background-type":"","background-media":"","overlay-type":"","overlay-color":"","overlay-opacity":"","overlay-gradient":""},"mobile":{"background-color":"","background-image":"","background-repeat":"repeat","background-position":"center center","background-size":"auto","background-attachment":"scroll","background-type":"","background-media":"","overlay-type":"","overlay-color":"","overlay-opacity":"","overlay-gradient":""}},"ast-content-background-meta":{"desktop":{"background-color":"var(--ast-global-color-5)","background-image":"","background-repeat":"repeat","background-position":"center center","background-size":"auto","background-attachment":"scroll","background-type":"","background-media":"","overlay-type":"","overlay-color":"","overlay-opacity":"","overlay-gradient":""},"tablet":{"background-color":"var(--ast-global-color-5)","background-image":"","background-repeat":"repeat","background-position":"center center","background-size":"auto","background-attachment":"scroll","background-type":"","background-media":"","overlay-type":"","overlay-color":"","overlay-opacity":"","overlay-gradient":""},"mobile":{"background-color":"var(--ast-global-color-5)","background-image":"","background-repeat":"repeat","background-position":"center center","background-size":"auto","background-attachment":"scroll","background-type":"","background-media":"","overlay-type":"","overlay-color":"","overlay-opacity":"","overlay-gradient":""}},"footnotes":""},"categories":[1],"tags":[6,10],"class_list":["post-1132","post","type-post","status-publish","format-standard","hentry","category-news","tag-ai","tag-pedagogia"],"uagb_featured_image_src":{"full":false,"thumbnail":false,"medium":false,"medium_large":false,"large":false,"1536x1536":false,"2048x2048":false},"uagb_author_info":{"display_name":"eiag_admin","author_link":"https:\/\/www.iscap.pt\/gaie\/author\/eiag_admin\/"},"uagb_comment_info":0,"uagb_excerpt":"Para mais informa\u00e7\u00f5es contactar: Gabinete de Apoio \u00e0 Inova\u00e7\u00e3o em Educa\u00e7\u00e3ogaie.edu@iscap.ipp.pt229 050 039 No pr\u00f3ximo dia 20 de maio realiza-se a a\u00e7\u00e3o de forma\u00e7\u00e3o \u201cPr\u00e1ticas pedag\u00f3gicas com IA: O&nbsp;m\u00e9todo Thayer, IA e desenho pedag\u00f3gico no ensino superior&#8221;. Num contexto de crescente integra\u00e7\u00e3o da intelig\u00eancia artificial no Ensino Superior, \u00e9 fundamental repensar pr\u00e1ticas pedag\u00f3gicas que assegurem&hellip;","_links":{"self":[{"href":"https:\/\/www.iscap.pt\/gaie\/wp-json\/wp\/v2\/posts\/1132","targetHints":{"allow":["GET"]}}],"collection":[{"href":"https:\/\/www.iscap.pt\/gaie\/wp-json\/wp\/v2\/posts"}],"about":[{"href":"https:\/\/www.iscap.pt\/gaie\/wp-json\/wp\/v2\/types\/post"}],"author":[{"embeddable":true,"href":"https:\/\/www.iscap.pt\/gaie\/wp-json\/wp\/v2\/users\/1"}],"replies":[{"embeddable":true,"href":"https:\/\/www.iscap.pt\/gaie\/wp-json\/wp\/v2\/comments?post=1132"}],"version-history":[{"count":7,"href":"https:\/\/www.iscap.pt\/gaie\/wp-json\/wp\/v2\/posts\/1132\/revisions"}],"predecessor-version":[{"id":1140,"href":"https:\/\/www.iscap.pt\/gaie\/wp-json\/wp\/v2\/posts\/1132\/revisions\/1140"}],"wp:attachment":[{"href":"https:\/\/www.iscap.pt\/gaie\/wp-json\/wp\/v2\/media?parent=1132"}],"wp:term":[{"taxonomy":"category","embeddable":true,"href":"https:\/\/www.iscap.pt\/gaie\/wp-json\/wp\/v2\/categories?post=1132"},{"taxonomy":"post_tag","embeddable":true,"href":"https:\/\/www.iscap.pt\/gaie\/wp-json\/wp\/v2\/tags?post=1132"}],"curies":[{"name":"wp","href":"https:\/\/api.w.org\/{rel}","templated":true}]}}